{"id":107,"date":"2018-09-25T13:35:10","date_gmt":"2018-09-25T11:35:10","guid":{"rendered":"http:\/\/centreallergologieprovence.fr\/?p=107"},"modified":"2018-10-18T17:05:43","modified_gmt":"2018-10-18T15:05:43","slug":"notre-equipe","status":"publish","type":"post","link":"https:\/\/centreallergologieprovence.fr\/?p=107","title":{"rendered":"Notre \u00e9quipe"},"content":{"rendered":"<p>Une \u00e9quipe pluridisciplinaire de m\u00e9decins sp\u00e9cialis\u00e9s allant du pneumologue au dermatologue, p\u00e9diatre, allergologue, ORL,\u2026Nous travaillons tous en \u00e9troite collaboration, sur un m\u00eame site et avec une m\u00eame volont\u00e9 d\u2019am\u00e9liorer la qualit\u00e9 de vie de nos patients allergiques.<\/p>\n<p>Tous les organes peuvent \u00eatre touch\u00e9s par l\u2019allergie c\u2019est pourquoi vous trouverez dans notre \u00e9quipe un sp\u00e9cialiste d\u2019organe ayant une comp\u00e9tence reconnue en allergologie qui saura comprendre et soigner vos sympt\u00f4mes.<\/p>\n","protected":false},"excerpt":{"rendered":"<p>Une \u00e9quipe pluridisciplinaire de m\u00e9decins sp\u00e9cialis\u00e9s allant du pneumologue au dermatologue, p\u00e9diatre, allergologue, ORL,\u2026Nous travaillons tous en \u00e9troite collaboration, sur un m\u00eame site et avec une m\u00eame volont\u00e9 d\u2019am\u00e9liorer la qualit\u00e9 de vie de nos patients allergiques. Tous les organes peuvent \u00eatre touch\u00e9s par l\u2019allergie c\u2019est pourquoi vous trouverez dans notre \u00e9quipe un sp\u00e9cialiste d\u2019organe &hellip; <\/p>\n<p class=\"link-more\"><a href=\"https:\/\/centreallergologieprovence.fr\/?p=107\" class=\"more-link\">Continuer la lecture<span class=\"screen-reader-text\"> de &laquo;&nbsp;Notre \u00e9quipe&nbsp;&raquo;<\/span><\/a><\/p>\n","protected":false},"author":1,"featured_media":0,"comment_status":"open","ping_status":"open","sticky":false,"template":"","format":"standard","meta":{"footnotes":""},"categories":[5],"tags":[],"_links":{"self":[{"href":"https:\/\/centreallergologieprovence.fr\/index.php?rest_route=\/wp\/v2\/posts\/107"}],"collection":[{"href":"https:\/\/centreallergologieprovence.fr\/index.php?rest_route=\/wp\/v2\/posts"}],"about":[{"href":"https:\/\/centreallergologieprovence.fr\/index.php?rest_route=\/wp\/v2\/types\/post"}],"author":[{"embeddable":true,"href":"https:\/\/centreallergologieprovence.fr\/index.php?rest_route=\/wp\/v2\/users\/1"}],"replies":[{"embeddable":true,"href":"https:\/\/centreallergologieprovence.fr\/index.php?rest_route=%2Fwp%2Fv2%2Fcomments&post=107"}],"version-history":[{"count":2,"href":"https:\/\/centreallergologieprovence.fr\/index.php?rest_route=\/wp\/v2\/posts\/107\/revisions"}],"predecessor-version":[{"id":135,"href":"https:\/\/centreallergologieprovence.fr\/index.php?rest_route=\/wp\/v2\/posts\/107\/revisions\/135"}],"wp:attachment":[{"href":"https:\/\/centreallergologieprovence.fr\/index.php?rest_route=%2Fwp%2Fv2%2Fmedia&parent=107"}],"wp:term":[{"taxonomy":"category","embeddable":true,"href":"https:\/\/centreallergologieprovence.fr\/index.php?rest_route=%2Fwp%2Fv2%2Fcategories&post=107"},{"taxonomy":"post_tag","embeddable":true,"href":"https:\/\/centreallergologieprovence.fr\/index.php?rest_route=%2Fwp%2Fv2%2Ftags&post=107"}],"curies":[{"name":"wp","href":"https:\/\/api.w.org\/{rel}","templated":true}]}}